{"id":4385,"date":"2025-11-07T12:39:56","date_gmt":"2025-11-07T18:39:56","guid":{"rendered":"https:\/\/glasswing.org\/es\/?p=4385"},"modified":"2025-11-07T12:56:11","modified_gmt":"2025-11-07T18:56:11","slug":"glasswing-organiza-tedx-quetzaltenango-ideas-que-transforman-conectan-y-sanan","status":"publish","type":"post","link":"https:\/\/glasswing.org\/es\/glasswing-organiza-tedx-quetzaltenango-ideas-que-transforman-conectan-y-sanan\/","title":{"rendered":"Glasswing organiza TEDx Quetzaltenango: Ideas que transforman, conectan y sanan"},"content":{"rendered":"\n<p>El 19 de noviembre de 2025, Glasswing International reunir\u00e1 a 10 ponentes y m\u00e1s de 350 asistentes en <strong>TEDx Quetzaltenango<\/strong>, un evento de un d\u00eda que celebra el poder de las ideas y las historias para inspirar la transformaci\u00f3n individual y colectiva.<\/p>\n\n\n\n<p>El evento, que se llevar\u00e1 a cabo en Quetzaltenango, Guatemala,<strong> <\/strong>contar\u00e1 con ponentes de diversas disciplinas cuyas experiencias reflejan la resiliencia y creatividad que definen a Latinoam\u00e9rica y el Caribe. En el esp\u00edritu de conectar mente, cuerpo y comunidad, las charlas de TEDx explorar\u00e1n temas que van desde <strong>la salud mental y la identidad cultural hasta el emprendimiento, la conservaci\u00f3n ambiental y la filantrop\u00eda colectiva<\/strong>. A trav\u00e9s de estas conversaciones, Glasswing reafirma su compromiso de crear espacios compartidos que fomenten el bienestar y la empat\u00eda, donde las personas puedan reunirse para escucharse y aprender unas de otras.<\/p>\n\n\n\n<p>\u201cCreemos en el poder de las ideas para inspirar y transformar\u201d, afirm\u00f3 Celina de Sola, cofundadora y presidenta de Glasswing International y ponente TED. \u201cEstamos profundamente agradecidos con TED y con las y los ponentes de TEDx por compartir su experiencia, creatividad y voces; con la comunidad de Quetzaltenango por crear el espacio para estas conversaciones tan importantes; y con todas las personas que se unen para escuchar y reflexionar desde su propia perspectiva sobre los temas y desaf\u00edos que nos impactan a todas y todos\u201d.<\/p>\n\n\n\n<p>Visita el enlace a continuaci\u00f3n para reservar tu espacio y acompa\u00f1arnos en TEDx Quetzaltenango, de forma presencial o virtual.&nbsp;<\/p>\n\n\n\n<p><\/p>\n\n\n\n<div class=\"wp-block-buttons is-layout-flex wp-block-buttons-is-layout-flex\">\n<div class=\"wp-block-button\"><a class=\"wp-block-button__link wp-element-button\" href=\"https:\/\/docs.google.com\/forms\/d\/e\/1FAIpQLSfDGxBLzt1cf-LzseEsteAjtp63hCWaZRoHAejoK56JCUw_SQ\/viewform\" target=\"_blank\" rel=\"noreferrer noopener\">&nbsp;Acomp\u00e1\u00f1anos<\/a><\/div>\n<\/div>\n\n\n\n<p><\/p>\n\n\n\n<h2 class=\"wp-block-heading\">Voces que inspiran<\/h2>\n\n\n\n<p>Cada ponente compartir\u00e1 una perspectiva \u00fanica sobre c\u00f3mo el cambio comienza dentro de cada uno y se multiplica a trav\u00e9s de la comunidad:<\/p>\n\n\n<div class=\"wp-block-image\">\n<figure class=\"alignright size-large is-resized\"><img loading=\"lazy\" decoding=\"async\" width=\"1024\" height=\"502\" src=\"https:\/\/glasswing.org\/es\/wp-content\/uploads\/2025\/11\/Miguel-Babo-1024x502.png\" alt=\"\" class=\"wp-image-4399\" style=\"width:341px;height:auto\" srcset=\"https:\/\/glasswing.org\/es\/wp-content\/uploads\/2025\/11\/Miguel-Babo-1024x502.png 1024w, https:\/\/glasswing.org\/es\/wp-content\/uploads\/2025\/11\/Miguel-Babo-300x147.png 300w, https:\/\/glasswing.org\/es\/wp-content\/uploads\/2025\/11\/Miguel-Babo-768x377.png 768w, https:\/\/glasswing.org\/es\/wp-content\/uploads\/2025\/11\/Miguel-Babo.png 1600w\" sizes=\"auto, (max-width: 1024px) 100vw, 1024px\" \/><\/figure>\n<\/div>\n\n\n<p><strong>Miguel Babo<\/strong> es creador de contenido, originario de Salam\u00e1, Baja Verapaz, Guatemala. Utiliza las redes sociales para destacar la cultura culinaria de su pa\u00eds. Comparte recetas, ingredientes y tradiciones de su pueblo, transformando la cocina regional en un puente con el mundo e invit\u00e1ndonos a saborear las historias escondidas en cada receta como una reflexi\u00f3n sobre identidad, memoria y el poder de compartir qui\u00e9nes somos.<\/p>\n\n\n\n<p><\/p>\n\n\n<div class=\"wp-block-image\">\n<figure class=\"alignright size-large is-resized\"><img loading=\"lazy\" decoding=\"async\" width=\"1024\" height=\"503\" src=\"https:\/\/glasswing.org\/es\/wp-content\/uploads\/2025\/11\/Carlos-Castellanos-1-1024x503.png\" alt=\"\" class=\"wp-image-4392\" style=\"width:342px;height:auto\" srcset=\"https:\/\/glasswing.org\/es\/wp-content\/uploads\/2025\/11\/Carlos-Castellanos-1-1024x503.png 1024w, https:\/\/glasswing.org\/es\/wp-content\/uploads\/2025\/11\/Carlos-Castellanos-1-300x147.png 300w, https:\/\/glasswing.org\/es\/wp-content\/uploads\/2025\/11\/Carlos-Castellanos-1-768x377.png 768w, https:\/\/glasswing.org\/es\/wp-content\/uploads\/2025\/11\/Carlos-Castellanos-1.png 1200w\" sizes=\"auto, (max-width: 1024px) 100vw, 1024px\" \/><\/figure>\n<\/div>\n\n\n<p><strong>Carlos Castellanos<\/strong> promueve el turismo comunitario y la sostenibilidad en Guatemala. A trav\u00e9s de Hacienda del Caf\u00e9, en Huehuetenango, lidera experiencias tur\u00edsticas que involucran y empoderan a las comunidades locales. Su trabajo combina emprendimiento social, naturaleza e identidad local. En TEDx Quetzaltenango, compartir\u00e1 una historia de resiliencia, cambio y transformaci\u00f3n.<\/p>\n\n\n\n<p><\/p>\n\n\n\n<p><\/p>\n\n\n<div class=\"wp-block-image\">\n<figure class=\"alignright size-large is-resized\"><img loading=\"lazy\" decoding=\"async\" width=\"1024\" height=\"502\" src=\"https:\/\/glasswing.org\/es\/wp-content\/uploads\/2025\/11\/Cristha-Fuentes-2-1024x502.png\" alt=\"\" class=\"wp-image-4400\" style=\"width:345px;height:auto\" srcset=\"https:\/\/glasswing.org\/es\/wp-content\/uploads\/2025\/11\/Cristha-Fuentes-2-1024x502.png 1024w, https:\/\/glasswing.org\/es\/wp-content\/uploads\/2025\/11\/Cristha-Fuentes-2-300x147.png 300w, https:\/\/glasswing.org\/es\/wp-content\/uploads\/2025\/11\/Cristha-Fuentes-2-768x377.png 768w, https:\/\/glasswing.org\/es\/wp-content\/uploads\/2025\/11\/Cristha-Fuentes-2-1536x754.png 1536w, https:\/\/glasswing.org\/es\/wp-content\/uploads\/2025\/11\/Cristha-Fuentes-2.png 1600w\" sizes=\"auto, (max-width: 1024px) 100vw, 1024px\" \/><\/figure>\n<\/div>\n\n\n<p><strong>Cristha Fuentes<\/strong> es dise\u00f1adora guatemalteca especializada en calzado artesanal. Fundadora de su marca hom\u00f3nima, ella combina t\u00e9cnicas tradicionales con dise\u00f1o contempor\u00e1neo para contar historias a trav\u00e9s de zapatos hechos a mano. Su historia nos recuerda que emprender no es correr m\u00e1s r\u00e1pido, sino resistir los tramos m\u00e1s dif\u00edciles del camino.<\/p>\n\n\n\n<p><\/p>\n\n\n\n<p><\/p>\n\n\n<div class=\"wp-block-image\">\n<figure class=\"alignright size-large is-resized\"><img loading=\"lazy\" decoding=\"async\" width=\"1024\" height=\"502\" src=\"https:\/\/glasswing.org\/es\/wp-content\/uploads\/2025\/11\/Mario-Gomez-2-1024x502.png\" alt=\"\" class=\"wp-image-4416\" style=\"width:347px;height:auto\" srcset=\"https:\/\/glasswing.org\/es\/wp-content\/uploads\/2025\/11\/Mario-Gomez-2-1024x502.png 1024w, https:\/\/glasswing.org\/es\/wp-content\/uploads\/2025\/11\/Mario-Gomez-2-300x147.png 300w, https:\/\/glasswing.org\/es\/wp-content\/uploads\/2025\/11\/Mario-Gomez-2-768x377.png 768w, https:\/\/glasswing.org\/es\/wp-content\/uploads\/2025\/11\/Mario-Gomez-2-1536x754.png 1536w, https:\/\/glasswing.org\/es\/wp-content\/uploads\/2025\/11\/Mario-Gomez-2.png 1600w\" sizes=\"auto, (max-width: 1024px) 100vw, 1024px\" \/><\/figure>\n<\/div>\n\n\n<p><strong>Mario G\u00f3mez <\/strong>es explorador, ec\u00f3logo y fundador mexicano de la ONG Beta Diversidad, dedicada a la conservaci\u00f3n de ecosistemas. Durante m\u00e1s de cuatro d\u00e9cadas ha trabajado en la creaci\u00f3n de pol\u00edticas p\u00fablicas y \u00e1reas marinas protegidas que hoy son modelos internacionales de conservaci\u00f3n oce\u00e1nica. Desde su experiencia, nos invita a mirar m\u00e1s all\u00e1 de lo visible y descubrir que lo esencial, en la naturaleza y en nosotros mismos, a menudo es invisible, pero sostiene toda la vida.<\/p>\n\n\n\n<p><\/p>\n\n\n<div class=\"wp-block-image\">\n<figure class=\"alignright size-large is-resized\"><img loading=\"lazy\" decoding=\"async\" width=\"1024\" height=\"502\" src=\"https:\/\/glasswing.org\/es\/wp-content\/uploads\/2025\/11\/Sara-Lomelin-1024x502.png\" alt=\"\" class=\"wp-image-4408\" style=\"width:345px;height:auto\" srcset=\"https:\/\/glasswing.org\/es\/wp-content\/uploads\/2025\/11\/Sara-Lomelin-1024x502.png 1024w, https:\/\/glasswing.org\/es\/wp-content\/uploads\/2025\/11\/Sara-Lomelin-300x147.png 300w, https:\/\/glasswing.org\/es\/wp-content\/uploads\/2025\/11\/Sara-Lomelin-768x377.png 768w, https:\/\/glasswing.org\/es\/wp-content\/uploads\/2025\/11\/Sara-Lomelin-1536x754.png 1536w, https:\/\/glasswing.org\/es\/wp-content\/uploads\/2025\/11\/Sara-Lomelin.png 1600w\" sizes=\"auto, (max-width: 1024px) 100vw, 1024px\" \/><\/figure>\n<\/div>\n\n\n<p><strong>Sara Lomel\u00edn<\/strong> (M\u00e9xico) es fundadora y directora ejecutiva de Philanthropy Together, una iniciativa global para escalar el movimiento de donaciones colectivas y democratizar la filantrop\u00eda. Viaja por el mundo compartiendo sobre el poder de la generosidad colectiva y la conexi\u00f3n entre el compromiso c\u00edvico y la filantrop\u00eda latina. Su charla es una invitaci\u00f3n a creer en la fuerza del colectivo: cuando las personas se unen, la generosidad se transforma en cambio<em>.<\/em><\/p>\n\n\n\n<p><\/p>\n\n\n<div class=\"wp-block-image\">\n<figure class=\"alignright size-large is-resized\"><img loading=\"lazy\" decoding=\"async\" width=\"1024\" height=\"502\" src=\"https:\/\/glasswing.org\/es\/wp-content\/uploads\/2025\/11\/Chumilkaj-Nicho-2-1024x502.png\" alt=\"\" class=\"wp-image-4394\" style=\"width:342px;height:auto\" srcset=\"https:\/\/glasswing.org\/es\/wp-content\/uploads\/2025\/11\/Chumilkaj-Nicho-2-1024x502.png 1024w, https:\/\/glasswing.org\/es\/wp-content\/uploads\/2025\/11\/Chumilkaj-Nicho-2-300x147.png 300w, https:\/\/glasswing.org\/es\/wp-content\/uploads\/2025\/11\/Chumilkaj-Nicho-2-768x377.png 768w, https:\/\/glasswing.org\/es\/wp-content\/uploads\/2025\/11\/Chumilkaj-Nicho-2.png 1600w\" sizes=\"auto, (max-width: 1024px) 100vw, 1024px\" \/><\/figure>\n<\/div>\n\n\n<p><strong>Ch\u2019umilkaj Nicho<\/strong> es una cantautora kaqchikel y embajadora cultural. Cree que el arte es una poderosa herramienta de transformaci\u00f3n, revoluci\u00f3n y resiliencia. Su trabajo une tradici\u00f3n y modernidad, utilizando canciones en kaqchikel y espa\u00f1ol para reflexionar sobre el legado y la memoria colectiva. A trav\u00e9s de su voz, nos recuerda que ser mujer, artista e ind\u00edgena en Guatemala es un acto radical de amor y valent\u00eda.<\/p>\n\n\n\n<p><\/p>\n\n\n\n<p><\/p>\n\n\n<div class=\"wp-block-image\">\n<figure class=\"alignright size-large is-resized\"><img loading=\"lazy\" decoding=\"async\" width=\"1024\" height=\"502\" src=\"https:\/\/glasswing.org\/es\/wp-content\/uploads\/2025\/11\/Pedro-Rodriguez-1024x502.png\" alt=\"\" class=\"wp-image-4405\" style=\"width:346px;height:auto\" srcset=\"https:\/\/glasswing.org\/es\/wp-content\/uploads\/2025\/11\/Pedro-Rodriguez-1024x502.png 1024w, https:\/\/glasswing.org\/es\/wp-content\/uploads\/2025\/11\/Pedro-Rodriguez-300x147.png 300w, https:\/\/glasswing.org\/es\/wp-content\/uploads\/2025\/11\/Pedro-Rodriguez-768x377.png 768w, https:\/\/glasswing.org\/es\/wp-content\/uploads\/2025\/11\/Pedro-Rodriguez-1536x754.png 1536w, https:\/\/glasswing.org\/es\/wp-content\/uploads\/2025\/11\/Pedro-Rodriguez.png 1600w\" sizes=\"auto, (max-width: 1024px) 100vw, 1024px\" \/><\/figure>\n<\/div>\n\n\n<p><strong>Pedro Rodr\u00edguez <\/strong>(Venezuela) es investigador, docente, escritor y doctor en Psicolog\u00eda con especializaci\u00f3n en Salud Mental Comunitaria. Ha dedicado su trayectoria a explorar la relaci\u00f3n entre la mente, la comunidad y las narrativas humanas. Desde su experiencia, nos invita a reflexionar sobre los aprendizajes m\u00e1s profundos que ha descubierto en su pr\u00e1ctica: conocimientos que pueden guiarnos a cuidar nuestra mente, nuestras emociones y nuestras relaciones.<\/p>\n\n\n\n<p><\/p>\n\n\n\n<p><\/p>\n\n\n<div class=\"wp-block-image\">\n<figure class=\"alignright size-large is-resized\"><img loading=\"lazy\" decoding=\"async\" width=\"1024\" height=\"502\" src=\"https:\/\/glasswing.org\/es\/wp-content\/uploads\/2025\/11\/Federico-Roncal-1-1024x502.png\" alt=\"\" class=\"wp-image-4403\" style=\"width:346px;height:auto\" srcset=\"https:\/\/glasswing.org\/es\/wp-content\/uploads\/2025\/11\/Federico-Roncal-1-1024x502.png 1024w, https:\/\/glasswing.org\/es\/wp-content\/uploads\/2025\/11\/Federico-Roncal-1-300x147.png 300w, https:\/\/glasswing.org\/es\/wp-content\/uploads\/2025\/11\/Federico-Roncal-1-768x377.png 768w, https:\/\/glasswing.org\/es\/wp-content\/uploads\/2025\/11\/Federico-Roncal-1.png 1600w\" sizes=\"auto, (max-width: 1024px) 100vw, 1024px\" \/><\/figure>\n<\/div>\n\n\n<p><strong>Federico Roncal <\/strong>(Guatemala) es psic\u00f3logo cl\u00ednico y doctor en educaci\u00f3n con m\u00e1s de treinta a\u00f1os de experiencia en los \u00e1mbitos educativo y psicosocial en Guatemala. Ha dedicado su carrera a fortalecer la formaci\u00f3n docente, la salud mental y la educaci\u00f3n socioemocional en comunidades de todo el pa\u00eds. En su charla, compartir\u00e1 c\u00f3mo la prevenci\u00f3n del suicidio no depende \u00fanicamente de especialistas, sino tambi\u00e9n del poder de la conexi\u00f3n humana.<\/p>\n\n\n\n<p><\/p>\n\n\n\n<p><\/p>\n\n\n<div class=\"wp-block-image\">\n<figure class=\"alignright size-large is-resized\"><img loading=\"lazy\" decoding=\"async\" width=\"1024\" height=\"502\" src=\"https:\/\/glasswing.org\/es\/wp-content\/uploads\/2025\/11\/Fernando-Us-1-1024x502.png\" alt=\"\" class=\"wp-image-4409\" style=\"width:348px;height:auto\" srcset=\"https:\/\/glasswing.org\/es\/wp-content\/uploads\/2025\/11\/Fernando-Us-1-1024x502.png 1024w, https:\/\/glasswing.org\/es\/wp-content\/uploads\/2025\/11\/Fernando-Us-1-300x147.png 300w, https:\/\/glasswing.org\/es\/wp-content\/uploads\/2025\/11\/Fernando-Us-1-768x377.png 768w, https:\/\/glasswing.org\/es\/wp-content\/uploads\/2025\/11\/Fernando-Us-1-1536x754.png 1536w, https:\/\/glasswing.org\/es\/wp-content\/uploads\/2025\/11\/Fernando-Us-1.png 1600w\" sizes=\"auto, (max-width: 1024px) 100vw, 1024px\" \/><\/figure>\n<\/div>\n\n\n<p><strong>Fernando Us<\/strong> (Guatemala) es gu\u00eda espiritual maya k\u2019iche\u2019, sobreviviente de guerra, activista LGBTQ+ y defensor de derechos humanos. Lucha por los derechos y la visibilidad de los pueblos ind\u00edgenas. Su voz preserva y comparte la memoria de su comunidad, record\u00e1ndonos que lo que vivimos tambi\u00e9n moldea qui\u00e9nes somos.<\/p>\n\n\n\n<p><\/p>\n\n\n\n<p><\/p>\n\n\n\n<p><\/p>\n\n\n\n<p><\/p>\n\n\n<div class=\"wp-block-image\">\n<figure class=\"alignright size-large is-resized\"><img loading=\"lazy\" decoding=\"async\" width=\"1024\" height=\"502\" src=\"https:\/\/glasswing.org\/es\/wp-content\/uploads\/2025\/11\/Lesly-Villagran-2-1024x502.png\" alt=\"\" class=\"wp-image-4410\" style=\"width:349px;height:auto\" srcset=\"https:\/\/glasswing.org\/es\/wp-content\/uploads\/2025\/11\/Lesly-Villagran-2-1024x502.png 1024w, https:\/\/glasswing.org\/es\/wp-content\/uploads\/2025\/11\/Lesly-Villagran-2-300x147.png 300w, https:\/\/glasswing.org\/es\/wp-content\/uploads\/2025\/11\/Lesly-Villagran-2-768x377.png 768w, https:\/\/glasswing.org\/es\/wp-content\/uploads\/2025\/11\/Lesly-Villagran-2-1536x754.png 1536w, https:\/\/glasswing.org\/es\/wp-content\/uploads\/2025\/11\/Lesly-Villagran-2.png 1600w\" sizes=\"auto, (max-width: 1024px) 100vw, 1024px\" \/><\/figure>\n<\/div>\n\n\n<p><strong>Lesly Villagr\u00e1n<\/strong> es escritora y l\u00edder comunitaria maya k\u2019iche\u2019 de 19 a\u00f1os, originaria de Guatemala. Promueve el orgullo por las ra\u00edces a trav\u00e9s de la literatura y la cultura. Recientemente fue nombrada Hija del Pueblo de Xelaj\u00fa en celebraci\u00f3n de la identidad y cultura maya k\u2019iche\u2019, durante una ceremonia en Xelaj\u00fa (nombre maya de Quetzaltenango). Lesly nos invita a reconectarnos con nuestras ra\u00edces y descubrir el poder de saber de d\u00f3nde venimos.<em>\u00a0<\/em><\/p>\n\n\n\n<p><em>Las ideas pueden cambiar el mundo y este es tu espacio para compartirlas. Para unirte a nosotros de manera virtual o en persona, visita el enlace a continuaci\u00f3n.<\/em><\/p>\n\n\n\n<p><\/p>\n\n\n\n<div class=\"wp-block-buttons is-layout-flex wp-block-buttons-is-layout-flex\">\n<div class=\"wp-block-button\"><a class=\"wp-block-button__link wp-element-button\" href=\"https:\/\/docs.google.com\/forms\/d\/e\/1FAIpQLSfDGxBLzt1cf-LzseEsteAjtp63hCWaZRoHAejoK56JCUw_SQ\/viewform\" target=\"_blank\" rel=\"noreferrer noopener\">\u00danete a nosotros en TEDx Quetzaltenango<\/a><\/div>\n<\/div>\n\n\n\n<p><\/p>\n\n\n\n<p><\/p>\n\n\n\n<h2 class=\"wp-block-heading\">M\u00e1s all\u00e1 del evento<\/h2>\n\n\n\n<p>TEDx Quetzaltenango refleja el compromiso de Glasswing International con el bienestar y la transformaci\u00f3n social. A trav\u00e9s de iniciativas en educaci\u00f3n, salud y desarrollo comunitario, Glasswing crea programas y espacios para que las personas se conecten con su prop\u00f3sito y con el mundo que las rodea. Al fortalecer los sistemas p\u00fablicos y colaborar con actores locales, trabajamos para construir un mundo en el que cada persona pueda convertirse en un catalizador de cambio positivo y duradero.<\/p>\n\n\n\n<p>Este evento refleja esa visi\u00f3n: una comunidad donde las ideas se convierten en acci\u00f3n y el bienestar colectivo se vuelve una meta compartida.<br><\/p>\n\n\n\n<p><\/p>\n","protected":false},"excerpt":{"rendered":"<p>El 19 de noviembre de 2025, Glasswing International reunir\u00e1 a 10 ponentes y m\u00e1s de 350 asistentes en TEDx Quetzaltenango, un evento de un d\u00eda que celebra el poder de las ideas y las historias para inspirar la transformaci\u00f3n individual y colectiva. El evento, que se llevar\u00e1 a cabo en Quetzaltenango, Guatemala, contar\u00e1 con ponentes [&hellip;]<\/p>\n","protected":false},"author":1,"featured_media":4386,"comment_status":"closed","ping_status":"closed","sticky":false,"template":"","format":"standard","meta":{"_acf_changed":false,"footnotes":""},"categories":[25,21],"tags":[],"class_list":["post-4385","post","type-post","status-publish","format-standard","has-post-thumbnail","hentry","category-featured-stories","category-our-stories"],"acf":[],"_links":{"self":[{"href":"https:\/\/glasswing.org\/es\/wp-json\/wp\/v2\/posts\/4385","targetHints":{"allow":["GET"]}}],"collection":[{"href":"https:\/\/glasswing.org\/es\/wp-json\/wp\/v2\/posts"}],"about":[{"href":"https:\/\/glasswing.org\/es\/wp-json\/wp\/v2\/types\/post"}],"author":[{"embeddable":true,"href":"https:\/\/glasswing.org\/es\/wp-json\/wp\/v2\/users\/1"}],"replies":[{"embeddable":true,"href":"https:\/\/glasswing.org\/es\/wp-json\/wp\/v2\/comments?post=4385"}],"version-history":[{"count":18,"href":"https:\/\/glasswing.org\/es\/wp-json\/wp\/v2\/posts\/4385\/revisions"}],"predecessor-version":[{"id":4440,"href":"https:\/\/glasswing.org\/es\/wp-json\/wp\/v2\/posts\/4385\/revisions\/4440"}],"wp:featuredmedia":[{"embeddable":true,"href":"https:\/\/glasswing.org\/es\/wp-json\/wp\/v2\/media\/4386"}],"wp:attachment":[{"href":"https:\/\/glasswing.org\/es\/wp-json\/wp\/v2\/media?parent=4385"}],"wp:term":[{"taxonomy":"category","embeddable":true,"href":"https:\/\/glasswing.org\/es\/wp-json\/wp\/v2\/categories?post=4385"},{"taxonomy":"post_tag","embeddable":true,"href":"https:\/\/glasswing.org\/es\/wp-json\/wp\/v2\/tags?post=4385"}],"curies":[{"name":"wp","href":"https:\/\/api.w.org\/{rel}","templated":true}]}}